[{"@context":"https:\/\/schema.org\/","@type":"Article","@id":"https:\/\/www.klh.sk\/kamarat-taky-rad\/#Article","mainEntityOfPage":"https:\/\/www.klh.sk\/kamarat-taky-rad\/","headline":"Kamar\u00e1t taky r\u00e1d","name":"Kamar\u00e1t taky r\u00e1d","description":"Teraz prech\u00e1dzam \u0165a\u017ekou \u017eivotnou cestou. Skoro pred rokom som sa po 8 rokoch stretla s kamar\u00e1tom, za\u010dali sme si p\u00edsa\u0165, nav\u0161tevova\u0165 sa, jazdi\u0165 spolu na v\u00fdlety a postupne sme sa viac v\u00eddali, a\u017e som sa k nemu \u010diasto\u010dne aj so svojim 8-ro\u010dn\u00fdm synom nas\u0165ahovala. On bol p\u00e1r mesiacov po odchode man\u017eelky aj s de\u0165mi. Moment\u00e1lne [&hellip;]","datePublished":"2023-07-08","dateModified":"2024-02-21","author":{"@type":"Person","@id":"https:\/\/www.klh.sk\/author\/#Person","name":"","url":"https:\/\/www.klh.sk\/author\/","identifier":1,"image":{"@type":"ImageObject","@id":"https:\/\/secure.gravatar.com\/avatar\/aa13f0f1a5b61a2deba1492ce3bb4afe8e77d91eeb44c23db0ee08765a93abad?s=96&d=mm&r=g","url":"https:\/\/secure.gravatar.com\/avatar\/aa13f0f1a5b61a2deba1492ce3bb4afe8e77d91eeb44c23db0ee08765a93abad?s=96&d=mm&r=g","height":96,"width":96}},"publisher":{"@type":"Organization","name":"klh.sk","logo":{"@type":"ImageObject","@id":"\/logo.png","url":"\/logo.png","width":600,"height":60}},"image":{"@type":"ImageObject","@id":"https:\/\/www.klh.sk\/wp-content\/uploads\/couple-1718244_1280%20(2)_10_10_10_10_9.jpg","url":"https:\/\/www.klh.sk\/wp-content\/uploads\/couple-1718244_1280%20(2)_10_10_10_10_9.jpg","height":0,"width":0},"url":"https:\/\/www.klh.sk\/kamarat-taky-rad\/","about":["B\u00fdvanie"],"wordCount":426,"articleBody":"Teraz prech\u00e1dzam \u0165a\u017ekou \u017eivotnou cestou. Skoro pred rokom som sa po 8 rokoch stretla s kamar\u00e1tom, za\u010dali sme si p\u00edsa\u0165, nav\u0161tevova\u0165 sa, jazdi\u0165 spolu na v\u00fdlety a postupne sme sa viac v\u00eddali, a\u017e som sa k nemu \u010diasto\u010dne aj so svojim 8-ro\u010dn\u00fdm synom nas\u0165ahovala. On bol p\u00e1r mesiacov po odchode man\u017eelky aj s de\u0165mi. Moment\u00e1lne sa rozv\u00e1dzaj\u00fa a deti maj\u00fa v striedavej starostlivosti. Ale st\u00e1le s\u00fa na ostrie no\u017ea a rozvod je komplikovan\u00fd u\u017e kv\u00f4li de\u0165om, preto\u017ee sa nezhodn\u00fa. Par\u00e1dne sme si rozumeli, rozpr\u00e1vali som sa pokojne do r\u00e1na a bolo n\u00e1m spolu ve\u013emi dobre. Vedela som, \u017ee prech\u00e1dza \u0165a\u017ek\u00fdm obdob\u00edm a potrebuje \u010das.Preto som sa vr\u00e1tila sp\u00e4\u0165 domov, nech si v\u0161etko s\u00e1m vyrie\u0161i, preto\u017ee n\u00e1m za\u010dali vznika\u0165 chv\u00ed\u013eky, ke\u010f sme sa h\u00e1dali a vznikalo dusno. Povedal, \u017ee sa na v\u00e1\u017eny vz\u0165ah nec\u00edti, nevie, \u010do bude \u010falej&#8230; Ja teraz neviem ako \u010falej, chcem mu da\u0165 \u010das. Chcem, aby zistil, \u010do ku mne vlastne c\u00edti a \u010di mu v\u00f4bec ch\u00fdbam. Ale stra\u0161ne mi ch\u00fdba, bol\u00ed to a boj\u00edm sa, \u010do bude \u010falej&#8230; M\u00e1m strach z toho, \u010do bude. M\u00e1m strach z toho, \u017ee nakoniec to aj tak dopadne tak, \u017ee ma odmietne.M\u00e1m strach z toho, \u017ee po tomto, \u010d\u00edm si prejdeme, pokia\u013e spolu zostaneme, si u\u017e nebudeme rozumie\u0165 ako predt\u00fdm. Je to stra\u0161ne zlo\u017eit\u00e9 vysvetli\u0165. M\u00e1m v sebe mili\u00f3ny pocitov, ktor\u00e9 musia von. Len\u017ee aj ke\u010f si ich nap\u00ed\u0161em, aj tak sa mi neu\u013eav\u00ed. V podstate ten kamar\u00e1t sa stal pre m\u0148a jednou z najd\u00f4le\u017eitej\u0161\u00edch os\u00f4b m\u00f4jho \u017eivota a nejako si neviem u\u017e predstavi\u0165, \u017ee by sa to malo meni\u0165, alebo by sme sa dokonca rozi\u0161li. Som do neho \u0161ialene zamilovan\u00e1, zaka\u017ed\u00fdm, ke\u010f ho vid\u00edm, mi hrozne b\u00fa\u0161i srdce. V jeho pr\u00edtomnosti sa c\u00edtim ako in\u00e1 osoba, ako v raji a stra\u0161ne je mi s n\u00edm dobre.. ot\u00e1zka je, \u010di on to m\u00e1 tak rovnako. Boj\u00edm sa mu u\u017e \u010doko\u013evek poveda\u0165, preto\u017ee si potom nahov\u00e1ram, \u017ee by sa na\u0161tval a stratil by z\u00e1ujem, alebo nie\u010do podobn\u00e9. Je to fakt \u0161ialen\u00e1 situ\u00e1cia a u\u017e som z nej \u00faprimne celkom unaven\u00e1.                                                                                                                                                                                                                                                                                                                                                                                        4.3\/5 - (13 votes)        "},{"@context":"https:\/\/schema.org\/","@type":"BreadcrumbList","itemListElement":[{"@type":"ListItem","position":1,"name":"Kamar\u00e1t taky r\u00e1d","item":"https:\/\/www.klh.sk\/kamarat-taky-rad\/#breadcrumbitem"}]}]